{"id":6477,"date":"2021-08-27T15:38:43","date_gmt":"2021-08-27T13:38:43","guid":{"rendered":"https:\/\/gr1993records.com\/?p=6477"},"modified":"2021-08-30T11:42:17","modified_gmt":"2021-08-30T09:42:17","slug":"gr1993-records-iden-is-reszt-vesz-az-independent-label-fair-szakvasaron","status":"publish","type":"post","link":"https:\/\/gr1993records.com\/2021\/08\/27\/gr1993-records-iden-is-reszt-vesz-az-independent-label-fair-szakvasaron\/?lang=en","title":{"rendered":"GR1993 Records will go to the Independent Label Fair"},"content":{"rendered":"<p>[vc_row][vc_column][vc_empty_space][vc_column_text]<strong>GR1993 Records will go to the Independent Label Fair<\/strong>[\/vc_column_text][vc_column_text]The independent labels\u2019s exhibition will wait for the audience at the PONTOON cultural and community space near the Chain Bridge on the board of the Hunyadi ship.<br \/>\n<strong>1051 Budapest, Vigad\u00f3 1\/A kik\u00f6t\u0151<\/strong><\/p>\n<p>More than 40 labels will exhibit their catalogue and the latest releases, concentrating on the vinyl issues mainly. The date of the Independent Label Fair is 11<sup>th<\/sup> September. The event are waiting its spectators between 12 \u2013 18 pm. The entrance is free.<\/p>\n<p>The GR1993 Records (former Gramy Records) preparing the selection carefully for the show.<br \/>\nThe entire LP and DVD-Audio range will be presented with the most of the CD releases from the last 28 years.<br \/>\nThe label provides listening equipment for the vinyl fans to check the Djabe, Steve Hackett, Mezzoforte, Android and Solati LPs.<\/p>\n<p>Djabe\u2019s band leader will sign the Djabe and Djabe &amp; Steve Hackett releases between 13 and 17 pm.[\/vc_column_text][vc_separator][vc_column_text]<a href=\"https:\/\/ui.publy.press\/3b0e8637-e24d-4f15-8084-1b5432956d95#page=79\" target=\"_blank\" rel=\"noopener\"><strong>ILF Catalogue \u00bb<\/strong><\/a>[\/vc_column_text][vc_separator][vc_column_text]<strong><a href=\"https:\/\/www.facebook.com\/events\/132902635465544\" target=\"_blank\" rel=\"noopener\">Independent Label Fair Facebook Event \u00bb<\/a><\/strong><\/p>\n<p><strong><a href=\"https:\/\/www.facebook.com\/GR1993Records-113564886691383\" target=\"_blank\" rel=\"noopener\">GR1993 Records Facebook \u00bb<\/a><\/strong><\/p>\n<p><strong><a href=\"https:\/\/www.facebook.com\/pontoonbudapest\" target=\"_blank\" rel=\"noopener\">Pontoon Facebook \u00bb<\/a><\/strong><\/p>\n<p><strong><a href=\"https:\/\/qvp.hu\/\" target=\"_blank\" rel=\"noopener\">Quality Vinyl Projects \u00bb<\/a><\/strong>[\/vc_column_text][\/vc_column][\/vc_row]<\/p>","protected":false},"excerpt":{"rendered":"<p>The independent labels\u2019s exhibition will wait for the audience at the PONTOON cultural and community space near the Chain Bridge on the board of the Hunyadi ship.<\/p>\n","protected":false},"author":2,"featured_media":6478,"comment_status":"closed","ping_status":"closed","sticky":false,"template":"","format":"standard","meta":{"_jetpack_memberships_contains_paid_content":false,"footnotes":""},"categories":[162],"tags":[157,221],"class_list":["post-6477","post","type-post","status-publish","format-standard","has-post-thumbnail","hentry","category-news","tag-djabe","tag-steve-hackett","entry","clearfix sub-post"],"yoast_head":"<!-- This site is optimized with the Yoast SEO plugin v27.4 - https:\/\/yoast.com\/product\/yoast-seo-wordpress\/ -->\n<title>GR1993 Records will go to the Independent Label Fair &#8211; GR1993 Records<\/title>\n<meta name=\"robots\" content=\"index, follow, max-snippet:-1, max-image-preview:large, max-video-preview:-1\" \/>\n<link rel=\"canonical\" href=\"https:\/\/gr1993records.com\/2021\/08\/27\/gr1993-records-iden-is-reszt-vesz-az-independent-label-fair-szakvasaron\/\" \/>\n<meta property=\"og:locale\" content=\"en_US\" \/>\n<meta property=\"og:type\" content=\"article\" \/>\n<meta property=\"og:title\" content=\"GR1993 Records will go to the Independent Label Fair &#8211; GR1993 Records\" \/>\n<meta property=\"og:description\" content=\"[:hu]A hazai f\u00fcggetlen kiad\u00f3k \u00e9vente Budapesten megrendezett szakv\u00e1s\u00e1ra ez\u00fattal a PONTOON, k\u00f6z\u00f6ss\u00e9gi t\u00e9rben lesz, a Duna parton tal\u00e1lhat\u00f3 a Hunyadi \u00e1ll\u00f3haj\u00f3n.[:en]The independent labels\u2019s exhibition will wait for the audience at the PONTOON cultural and community space near the Chain Bridge on the board of the Hunyadi ship.[:]\" \/>\n<meta property=\"og:url\" content=\"https:\/\/gr1993records.com\/2021\/08\/27\/gr1993-records-iden-is-reszt-vesz-az-independent-label-fair-szakvasaron\/\" \/>\n<meta property=\"og:site_name\" content=\"GR1993 Records\" \/>\n<meta property=\"article:publisher\" content=\"https:\/\/www.facebook.com\/GR1993Records-113564886691383\/\" \/>\n<meta property=\"article:published_time\" content=\"2021-08-27T13:38:43+00:00\" \/>\n<meta property=\"article:modified_time\" content=\"2021-08-30T09:42:17+00:00\" \/>\n<meta property=\"og:image\" content=\"https:\/\/gr1993records.com\/wp-content\/uploads\/2021\/08\/ILF-5-Instagram-story-1920x1080-2021-07.jpg\" \/>\n\t<meta property=\"og:image:width\" content=\"1920\" \/>\n\t<meta property=\"og:image:height\" content=\"1080\" \/>\n\t<meta property=\"og:image:type\" content=\"image\/jpeg\" \/>\n<meta name=\"author\" content=\"Kov\u00e1cs Katalin\" \/>\n<meta name=\"twitter:card\" content=\"summary_large_image\" \/>\n<meta name=\"twitter:image\" content=\"https:\/\/gr1993records.com\/wp-content\/uploads\/2021\/08\/ILF-5-Instagram-story-1920x1080-2021-07.jpg\" \/>\n<meta name=\"twitter:label1\" content=\"Written by\" \/>\n\t<meta name=\"twitter:data1\" content=\"Kov\u00e1cs Katalin\" \/>\n\t<meta name=\"twitter:label2\" content=\"Est. reading time\" \/>\n\t<meta name=\"twitter:data2\" content=\"1 minute\" \/>\n<script type=\"application\/ld+json\" class=\"yoast-schema-graph\">{\"@context\":\"https:\\\/\\\/schema.org\",\"@graph\":[{\"@type\":\"Article\",\"@id\":\"https:\\\/\\\/gr1993records.com\\\/2021\\\/08\\\/27\\\/gr1993-records-iden-is-reszt-vesz-az-independent-label-fair-szakvasaron\\\/#article\",\"isPartOf\":{\"@id\":\"https:\\\/\\\/gr1993records.com\\\/2021\\\/08\\\/27\\\/gr1993-records-iden-is-reszt-vesz-az-independent-label-fair-szakvasaron\\\/\"},\"author\":{\"name\":\"Kov\u00e1cs Katalin\",\"@id\":\"https:\\\/\\\/gr1993records.com\\\/#\\\/schema\\\/person\\\/15d5836db94dcf05fce250d0eb04937f\"},\"headline\":\"GR1993 Records will go to the Independent Label Fair\",\"datePublished\":\"2021-08-27T13:38:43+00:00\",\"dateModified\":\"2021-08-30T09:42:17+00:00\",\"mainEntityOfPage\":{\"@id\":\"https:\\\/\\\/gr1993records.com\\\/2021\\\/08\\\/27\\\/gr1993-records-iden-is-reszt-vesz-az-independent-label-fair-szakvasaron\\\/\"},\"wordCount\":457,\"publisher\":{\"@id\":\"https:\\\/\\\/gr1993records.com\\\/#organization\"},\"image\":{\"@id\":\"https:\\\/\\\/gr1993records.com\\\/2021\\\/08\\\/27\\\/gr1993-records-iden-is-reszt-vesz-az-independent-label-fair-szakvasaron\\\/#primaryimage\"},\"thumbnailUrl\":\"https:\\\/\\\/gr1993records.com\\\/wp-content\\\/uploads\\\/2021\\\/08\\\/ILF-5-Instagram-story-1920x1080-2021-07.jpg\",\"keywords\":[\"Djabe\",\"Steve Hackett\"],\"articleSection\":[\"News\"],\"inLanguage\":\"en-US\"},{\"@type\":\"WebPage\",\"@id\":\"https:\\\/\\\/gr1993records.com\\\/2021\\\/08\\\/27\\\/gr1993-records-iden-is-reszt-vesz-az-independent-label-fair-szakvasaron\\\/\",\"url\":\"https:\\\/\\\/gr1993records.com\\\/2021\\\/08\\\/27\\\/gr1993-records-iden-is-reszt-vesz-az-independent-label-fair-szakvasaron\\\/\",\"name\":\"GR1993 Records will go to the Independent Label Fair &#8211; GR1993 Records\",\"isPartOf\":{\"@id\":\"https:\\\/\\\/gr1993records.com\\\/#website\"},\"primaryImageOfPage\":{\"@id\":\"https:\\\/\\\/gr1993records.com\\\/2021\\\/08\\\/27\\\/gr1993-records-iden-is-reszt-vesz-az-independent-label-fair-szakvasaron\\\/#primaryimage\"},\"image\":{\"@id\":\"https:\\\/\\\/gr1993records.com\\\/2021\\\/08\\\/27\\\/gr1993-records-iden-is-reszt-vesz-az-independent-label-fair-szakvasaron\\\/#primaryimage\"},\"thumbnailUrl\":\"https:\\\/\\\/gr1993records.com\\\/wp-content\\\/uploads\\\/2021\\\/08\\\/ILF-5-Instagram-story-1920x1080-2021-07.jpg\",\"datePublished\":\"2021-08-27T13:38:43+00:00\",\"dateModified\":\"2021-08-30T09:42:17+00:00\",\"breadcrumb\":{\"@id\":\"https:\\\/\\\/gr1993records.com\\\/2021\\\/08\\\/27\\\/gr1993-records-iden-is-reszt-vesz-az-independent-label-fair-szakvasaron\\\/#breadcrumb\"},\"inLanguage\":\"en-US\",\"potentialAction\":[{\"@type\":\"ReadAction\",\"target\":[\"https:\\\/\\\/gr1993records.com\\\/2021\\\/08\\\/27\\\/gr1993-records-iden-is-reszt-vesz-az-independent-label-fair-szakvasaron\\\/\"]}]},{\"@type\":\"ImageObject\",\"inLanguage\":\"en-US\",\"@id\":\"https:\\\/\\\/gr1993records.com\\\/2021\\\/08\\\/27\\\/gr1993-records-iden-is-reszt-vesz-az-independent-label-fair-szakvasaron\\\/#primaryimage\",\"url\":\"https:\\\/\\\/gr1993records.com\\\/wp-content\\\/uploads\\\/2021\\\/08\\\/ILF-5-Instagram-story-1920x1080-2021-07.jpg\",\"contentUrl\":\"https:\\\/\\\/gr1993records.com\\\/wp-content\\\/uploads\\\/2021\\\/08\\\/ILF-5-Instagram-story-1920x1080-2021-07.jpg\",\"width\":1920,\"height\":1080,\"caption\":\"5. Independent Label Fair\"},{\"@type\":\"BreadcrumbList\",\"@id\":\"https:\\\/\\\/gr1993records.com\\\/2021\\\/08\\\/27\\\/gr1993-records-iden-is-reszt-vesz-az-independent-label-fair-szakvasaron\\\/#breadcrumb\",\"itemListElement\":[{\"@type\":\"ListItem\",\"position\":1,\"name\":\"Home\",\"item\":\"https:\\\/\\\/gr1993records.com\\\/?lang=en\"},{\"@type\":\"ListItem\",\"position\":2,\"name\":\"A GR1993 Records id\u00e9n is r\u00e9szt vesz az Independent Label Fair szakv\u00e1s\u00e1ron!\"}]},{\"@type\":\"WebSite\",\"@id\":\"https:\\\/\\\/gr1993records.com\\\/#website\",\"url\":\"https:\\\/\\\/gr1993records.com\\\/\",\"name\":\"GR1993 Records\",\"description\":\"\",\"publisher\":{\"@id\":\"https:\\\/\\\/gr1993records.com\\\/#organization\"},\"potentialAction\":[{\"@type\":\"SearchAction\",\"target\":{\"@type\":\"EntryPoint\",\"urlTemplate\":\"https:\\\/\\\/gr1993records.com\\\/?s={search_term_string}\"},\"query-input\":{\"@type\":\"PropertyValueSpecification\",\"valueRequired\":true,\"valueName\":\"search_term_string\"}}],\"inLanguage\":\"en-US\"},{\"@type\":\"Organization\",\"@id\":\"https:\\\/\\\/gr1993records.com\\\/#organization\",\"name\":\"Gramy-H Ltd.\",\"url\":\"https:\\\/\\\/gr1993records.com\\\/\",\"logo\":{\"@type\":\"ImageObject\",\"inLanguage\":\"en-US\",\"@id\":\"https:\\\/\\\/gr1993records.com\\\/#\\\/schema\\\/logo\\\/image\\\/\",\"url\":\"https:\\\/\\\/gr1993records.com\\\/wp-content\\\/uploads\\\/2019\\\/08\\\/GR1993_Records_logo_CC.png\",\"contentUrl\":\"https:\\\/\\\/gr1993records.com\\\/wp-content\\\/uploads\\\/2019\\\/08\\\/GR1993_Records_logo_CC.png\",\"width\":2900,\"height\":2001,\"caption\":\"Gramy-H Ltd.\"},\"image\":{\"@id\":\"https:\\\/\\\/gr1993records.com\\\/#\\\/schema\\\/logo\\\/image\\\/\"},\"sameAs\":[\"https:\\\/\\\/www.facebook.com\\\/GR1993Records-113564886691383\\\/\"]},{\"@type\":\"Person\",\"@id\":\"https:\\\/\\\/gr1993records.com\\\/#\\\/schema\\\/person\\\/15d5836db94dcf05fce250d0eb04937f\",\"name\":\"Kov\u00e1cs Katalin\",\"image\":{\"@type\":\"ImageObject\",\"inLanguage\":\"en-US\",\"@id\":\"https:\\\/\\\/secure.gravatar.com\\\/avatar\\\/f2e8132ddd0ef0e82dccdfe7e959671299abb86bcedd5036ce46261385b40605?s=96&d=mm&r=g\",\"url\":\"https:\\\/\\\/secure.gravatar.com\\\/avatar\\\/f2e8132ddd0ef0e82dccdfe7e959671299abb86bcedd5036ce46261385b40605?s=96&d=mm&r=g\",\"contentUrl\":\"https:\\\/\\\/secure.gravatar.com\\\/avatar\\\/f2e8132ddd0ef0e82dccdfe7e959671299abb86bcedd5036ce46261385b40605?s=96&d=mm&r=g\",\"caption\":\"Kov\u00e1cs Katalin\"},\"url\":\"https:\\\/\\\/gr1993records.com\\\/author\\\/grkata\\\/?lang=en\"}]}<\/script>\n<!-- \/ Yoast SEO plugin. -->","yoast_head_json":{"title":"GR1993 Records will go to the Independent Label Fair &#8211; GR1993 Records","robots":{"index":"index","follow":"follow","max-snippet":"max-snippet:-1","max-image-preview":"max-image-preview:large","max-video-preview":"max-video-preview:-1"},"canonical":"https:\/\/gr1993records.com\/2021\/08\/27\/gr1993-records-iden-is-reszt-vesz-az-independent-label-fair-szakvasaron\/","og_locale":"en_US","og_type":"article","og_title":"GR1993 Records will go to the Independent Label Fair &#8211; GR1993 Records","og_description":"[:hu]A hazai f\u00fcggetlen kiad\u00f3k \u00e9vente Budapesten megrendezett szakv\u00e1s\u00e1ra ez\u00fattal a PONTOON, k\u00f6z\u00f6ss\u00e9gi t\u00e9rben lesz, a Duna parton tal\u00e1lhat\u00f3 a Hunyadi \u00e1ll\u00f3haj\u00f3n.[:en]The independent labels\u2019s exhibition will wait for the audience at the PONTOON cultural and community space near the Chain Bridge on the board of the Hunyadi ship.[:]","og_url":"https:\/\/gr1993records.com\/2021\/08\/27\/gr1993-records-iden-is-reszt-vesz-az-independent-label-fair-szakvasaron\/","og_site_name":"GR1993 Records","article_publisher":"https:\/\/www.facebook.com\/GR1993Records-113564886691383\/","article_published_time":"2021-08-27T13:38:43+00:00","article_modified_time":"2021-08-30T09:42:17+00:00","og_image":[{"width":1920,"height":1080,"url":"https:\/\/gr1993records.com\/wp-content\/uploads\/2021\/08\/ILF-5-Instagram-story-1920x1080-2021-07.jpg","type":"image\/jpeg"}],"author":"Kov\u00e1cs Katalin","twitter_card":"summary_large_image","twitter_image":"https:\/\/gr1993records.com\/wp-content\/uploads\/2021\/08\/ILF-5-Instagram-story-1920x1080-2021-07.jpg","twitter_misc":{"Written by":"Kov\u00e1cs Katalin","Est. reading time":"1 minute"},"schema":{"@context":"https:\/\/schema.org","@graph":[{"@type":"Article","@id":"https:\/\/gr1993records.com\/2021\/08\/27\/gr1993-records-iden-is-reszt-vesz-az-independent-label-fair-szakvasaron\/#article","isPartOf":{"@id":"https:\/\/gr1993records.com\/2021\/08\/27\/gr1993-records-iden-is-reszt-vesz-az-independent-label-fair-szakvasaron\/"},"author":{"name":"Kov\u00e1cs Katalin","@id":"https:\/\/gr1993records.com\/#\/schema\/person\/15d5836db94dcf05fce250d0eb04937f"},"headline":"GR1993 Records will go to the Independent Label Fair","datePublished":"2021-08-27T13:38:43+00:00","dateModified":"2021-08-30T09:42:17+00:00","mainEntityOfPage":{"@id":"https:\/\/gr1993records.com\/2021\/08\/27\/gr1993-records-iden-is-reszt-vesz-az-independent-label-fair-szakvasaron\/"},"wordCount":457,"publisher":{"@id":"https:\/\/gr1993records.com\/#organization"},"image":{"@id":"https:\/\/gr1993records.com\/2021\/08\/27\/gr1993-records-iden-is-reszt-vesz-az-independent-label-fair-szakvasaron\/#primaryimage"},"thumbnailUrl":"https:\/\/gr1993records.com\/wp-content\/uploads\/2021\/08\/ILF-5-Instagram-story-1920x1080-2021-07.jpg","keywords":["Djabe","Steve Hackett"],"articleSection":["News"],"inLanguage":"en-US"},{"@type":"WebPage","@id":"https:\/\/gr1993records.com\/2021\/08\/27\/gr1993-records-iden-is-reszt-vesz-az-independent-label-fair-szakvasaron\/","url":"https:\/\/gr1993records.com\/2021\/08\/27\/gr1993-records-iden-is-reszt-vesz-az-independent-label-fair-szakvasaron\/","name":"GR1993 Records will go to the Independent Label Fair &#8211; GR1993 Records","isPartOf":{"@id":"https:\/\/gr1993records.com\/#website"},"primaryImageOfPage":{"@id":"https:\/\/gr1993records.com\/2021\/08\/27\/gr1993-records-iden-is-reszt-vesz-az-independent-label-fair-szakvasaron\/#primaryimage"},"image":{"@id":"https:\/\/gr1993records.com\/2021\/08\/27\/gr1993-records-iden-is-reszt-vesz-az-independent-label-fair-szakvasaron\/#primaryimage"},"thumbnailUrl":"https:\/\/gr1993records.com\/wp-content\/uploads\/2021\/08\/ILF-5-Instagram-story-1920x1080-2021-07.jpg","datePublished":"2021-08-27T13:38:43+00:00","dateModified":"2021-08-30T09:42:17+00:00","breadcrumb":{"@id":"https:\/\/gr1993records.com\/2021\/08\/27\/gr1993-records-iden-is-reszt-vesz-az-independent-label-fair-szakvasaron\/#breadcrumb"},"inLanguage":"en-US","potentialAction":[{"@type":"ReadAction","target":["https:\/\/gr1993records.com\/2021\/08\/27\/gr1993-records-iden-is-reszt-vesz-az-independent-label-fair-szakvasaron\/"]}]},{"@type":"ImageObject","inLanguage":"en-US","@id":"https:\/\/gr1993records.com\/2021\/08\/27\/gr1993-records-iden-is-reszt-vesz-az-independent-label-fair-szakvasaron\/#primaryimage","url":"https:\/\/gr1993records.com\/wp-content\/uploads\/2021\/08\/ILF-5-Instagram-story-1920x1080-2021-07.jpg","contentUrl":"https:\/\/gr1993records.com\/wp-content\/uploads\/2021\/08\/ILF-5-Instagram-story-1920x1080-2021-07.jpg","width":1920,"height":1080,"caption":"5. Independent Label Fair"},{"@type":"BreadcrumbList","@id":"https:\/\/gr1993records.com\/2021\/08\/27\/gr1993-records-iden-is-reszt-vesz-az-independent-label-fair-szakvasaron\/#breadcrumb","itemListElement":[{"@type":"ListItem","position":1,"name":"Home","item":"https:\/\/gr1993records.com\/?lang=en"},{"@type":"ListItem","position":2,"name":"A GR1993 Records id\u00e9n is r\u00e9szt vesz az Independent Label Fair szakv\u00e1s\u00e1ron!"}]},{"@type":"WebSite","@id":"https:\/\/gr1993records.com\/#website","url":"https:\/\/gr1993records.com\/","name":"GR1993 Records","description":"","publisher":{"@id":"https:\/\/gr1993records.com\/#organization"},"potentialAction":[{"@type":"SearchAction","target":{"@type":"EntryPoint","urlTemplate":"https:\/\/gr1993records.com\/?s={search_term_string}"},"query-input":{"@type":"PropertyValueSpecification","valueRequired":true,"valueName":"search_term_string"}}],"inLanguage":"en-US"},{"@type":"Organization","@id":"https:\/\/gr1993records.com\/#organization","name":"Gramy-H Ltd.","url":"https:\/\/gr1993records.com\/","logo":{"@type":"ImageObject","inLanguage":"en-US","@id":"https:\/\/gr1993records.com\/#\/schema\/logo\/image\/","url":"https:\/\/gr1993records.com\/wp-content\/uploads\/2019\/08\/GR1993_Records_logo_CC.png","contentUrl":"https:\/\/gr1993records.com\/wp-content\/uploads\/2019\/08\/GR1993_Records_logo_CC.png","width":2900,"height":2001,"caption":"Gramy-H Ltd."},"image":{"@id":"https:\/\/gr1993records.com\/#\/schema\/logo\/image\/"},"sameAs":["https:\/\/www.facebook.com\/GR1993Records-113564886691383\/"]},{"@type":"Person","@id":"https:\/\/gr1993records.com\/#\/schema\/person\/15d5836db94dcf05fce250d0eb04937f","name":"Kov\u00e1cs Katalin","image":{"@type":"ImageObject","inLanguage":"en-US","@id":"https:\/\/secure.gravatar.com\/avatar\/f2e8132ddd0ef0e82dccdfe7e959671299abb86bcedd5036ce46261385b40605?s=96&d=mm&r=g","url":"https:\/\/secure.gravatar.com\/avatar\/f2e8132ddd0ef0e82dccdfe7e959671299abb86bcedd5036ce46261385b40605?s=96&d=mm&r=g","contentUrl":"https:\/\/secure.gravatar.com\/avatar\/f2e8132ddd0ef0e82dccdfe7e959671299abb86bcedd5036ce46261385b40605?s=96&d=mm&r=g","caption":"Kov\u00e1cs Katalin"},"url":"https:\/\/gr1993records.com\/author\/grkata\/?lang=en"}]}},"jetpack_featured_media_url":"https:\/\/gr1993records.com\/wp-content\/uploads\/2021\/08\/ILF-5-Instagram-story-1920x1080-2021-07.jpg","jetpack_sharing_enabled":true,"_links":{"self":[{"href":"https:\/\/gr1993records.com\/wp-json\/wp\/v2\/posts\/6477","targetHints":{"allow":["GET"]}}],"collection":[{"href":"https:\/\/gr1993records.com\/wp-json\/wp\/v2\/posts"}],"about":[{"href":"https:\/\/gr1993records.com\/wp-json\/wp\/v2\/types\/post"}],"author":[{"embeddable":true,"href":"https:\/\/gr1993records.com\/wp-json\/wp\/v2\/users\/2"}],"replies":[{"embeddable":true,"href":"https:\/\/gr1993records.com\/wp-json\/wp\/v2\/comments?post=6477"}],"version-history":[{"count":3,"href":"https:\/\/gr1993records.com\/wp-json\/wp\/v2\/posts\/6477\/revisions"}],"predecessor-version":[{"id":6493,"href":"https:\/\/gr1993records.com\/wp-json\/wp\/v2\/posts\/6477\/revisions\/6493"}],"wp:featuredmedia":[{"embeddable":true,"href":"https:\/\/gr1993records.com\/wp-json\/wp\/v2\/media\/6478"}],"wp:attachment":[{"href":"https:\/\/gr1993records.com\/wp-json\/wp\/v2\/media?parent=6477"}],"wp:term":[{"taxonomy":"category","embeddable":true,"href":"https:\/\/gr1993records.com\/wp-json\/wp\/v2\/categories?post=6477"},{"taxonomy":"post_tag","embeddable":true,"href":"https:\/\/gr1993records.com\/wp-json\/wp\/v2\/tags?post=6477"}],"curies":[{"name":"wp","href":"https:\/\/api.w.org\/{rel}","templated":true}]}}