{"id":5807,"date":"2020-07-30T13:40:34","date_gmt":"2020-07-30T13:40:34","guid":{"rendered":"http:\/\/gr1993records.com\/?p=5807"},"modified":"2020-07-30T14:19:29","modified_gmt":"2020-07-30T14:19:29","slug":"a-djabe-kanadaban-rogzitett-koncertalbuma","status":"publish","type":"post","link":"https:\/\/gr1993records.com\/2020\/07\/30\/a-djabe-kanadaban-rogzitett-koncertalbuma\/","title":{"rendered":"A Djabe Kanad\u00e1ban r\u00f6gz\u00edtett fantasztikus koncertalbuma el\u00e9rhet\u0151 dupla vinyl lemezen is \u2013 Live in Edmonton"},"content":{"rendered":"<p>[vc_row][vc_column][vc_column_text]<strong>Djabe &#8211; Live in Edmonton (2LP)<br \/>\n<\/strong>GR-145-1, 2 x 140 gr. black vinyl[\/vc_column_text][vc_column_text]<span lang=\"HU\">2019 nyar\u00e1n a zenekar \u00e9szak-amerikai turn\u00e9n vett r\u00e9szt, ahol \u00f6n\u00e1ll\u00f3 koncerteket adott, valamint fesztiv\u00e1lokon j\u00e1tszott. Az el\u0151ad\u00e1sok k\u00f6z\u00fcl kiemelhetj\u00fck a Washington DC, Kennedy Center sz\u00ednh\u00e1zterm\u00e9ben adott telth\u00e1zas koncertet, a 8. alkalommal t\u00f6rt\u00e9n\u0151 visszat\u00e9r\u00e9st a vil\u00e1g 10 legnagyobb jazz fesztiv\u00e1lja k\u00f6z\u00f6tt sz\u00e1montartott Rochester International Jazzfest rendezv\u00e9ny\u00e9re New York \u00e1llamban, valamint a z\u00e1r\u00f3fell\u00e9p\u00e9st a kanadai Edmonton International Jazz fesztiv\u00e1lon.<\/span><\/p>\n<p><!--more--><\/p>\n<p><span lang=\"HU\">\u00a0A z<\/span><span lang=\"HU\">enekar egybehangz\u00f3 v\u00e9lem\u00e9nye szerint az edmontoni fell\u00e9p\u00e9s siker\u00fclt a legjobban, ez\u00e9rt elhat\u00e1rozt\u00e1k, hogy az ott k\u00e9sz\u00fclt felv\u00e9telt megjelentetik. A Djabe k\u00e9t, k\u00fcl\u00f6nb\u00f6z\u0151 sz\u00e1mokb\u00f3l \u00e1ll\u00f3, teljes koncertet is adott, melyek teljes hossz\u00fas\u00e1gukban kiad\u00e1sra ker\u00fclnek.<\/span><\/p>\n<p class=\"moz-quote-pre\"><strong>Tov\u00e1bbi inform\u00e1ci\u00f3:<\/strong> <a href=\"https:\/\/www.facebook.com\/djabeworld\" target=\"_blank\" rel=\"noopener noreferrer\">Facebook.com\/djabeworld<\/a><\/p>\n<p>[\/vc_column_text][vc_column_text]<span lang=\"HU\">\u201cLive in Edmonton\u201d bizony\u00edtja hogy a Djabe mi\u00e9rt az els\u0151 sz\u00e1m\u00fa f\u00fazi\u00f3s zenekar Magyarorsz\u00e1gon. A nyit\u00f3sz\u00e1mt\u00f3l kezd\u0151d\u0151en a hallgat\u00f3 egy nagyon j\u00f3l kidolgozott koncertfelv\u00e9telt kap, nagyszer\u0171 hangszeres j\u00e1t\u00e9kot izgalmas hangszerel\u00e9sekkel \u00e9s energikus sz\u00f3l\u00f3kkal. Nagyon \u00fcd\u00edt\u0151 ilyen er\u0151s \u00e9s min\u0151s\u00e9gi koncertfelv\u00e9telt hallgatni, \u00fagy, ahogy az akkor elhangzott.<br \/>\n<\/span><span lang=\"HU\">A Djabe t\u00f6bbsz\u00f6r is fell\u00e9pett Edmontonban mindig vil\u00e1gsz\u00ednvonal\u00fa f\u00fazi\u00f3s zen\u00e9t j\u00e1tszva. A k\u00f6z\u00f6ns\u00e9g nem csak el\u00e9gedett volt, hanem t\u00f6bbet \u00e9s t\u00f6bbet szeretett volna kapni.<br \/>\n<\/span><span lang=\"HU\">Gratul\u00e1lok a legut\u00f3bbi kiadv\u00e1nyhoz, egy \u00fajabb \u00e9kes adal\u00e9k a nagyon impoz\u00e1ns Djabe katal\u00f3gushoz, ami bizony\u00edtja, hogy napjaink egyik legjobb f\u00fazi\u00f3s zenekara a vil\u00e1gon.\u201d<\/span><\/p>\n<p><strong><span lang=\"HU\">Kent Sangster<\/span><\/strong><span lang=\"HU\"><br \/>\nExecutive and Artistic Producer Edmonton International Jazz Festival<\/span>[\/vc_column_text][vc_separator][vc_column_text]<strong>Az albumon szerepl\u0151 zen\u00e9szek<br \/>\n<\/strong><span lang=\"HU\">Barab\u00e1s Tam\u00e1s<\/span><span lang=\"HU\"> | basszusgit\u00e1r<br \/>\n\u00c9gerh\u00e1zi Attila | git\u00e1r, \u00fct\u0151hangszerek, \u00e9nek<br \/>\nKasz\u00e1s P\u00e9ter | dobok, \u00e9nek<br \/>\nKo\u00f3s-Hut\u00e1s \u00c1ron | trombita, sz\u00e1rnyk\u00fcrt<br \/>\nNagy J\u00e1nos | billenty\u0171s hangszerek<\/span>[\/vc_column_text][\/vc_column][\/vc_row][vc_row][vc_column][vc_separator][vc_btn title=&#8221;Tov\u00e1bb a kiadv\u00e1ny oldal\u00e1ra \/ Rendel\u00e9s&#8221; style=&#8221;flat&#8221; shape=&#8221;square&#8221; color=&#8221;primary&#8221; link=&#8221;url:http%3A%2F%2Fgr1993records.com%2Findex.php%2Fproduct%2Fdjabe-live-in-edmonton-2lp%2F|title:Djabe%20Live%20in%20Edmonton%202LP|target:%20_blank|&#8221; el_class=&#8221;mb60 mb30-md&#8221;][\/vc_column][\/vc_row]<\/p>","protected":false},"excerpt":{"rendered":"<p>[vc_row][vc_column][vc_column_text]Djabe &#8211; Live in Edmonton (2LP) GR-145-1, 2 x 140 gr. black vinyl[\/vc_column_text][vc_column_text]2019 nyar\u00e1n a zenekar \u00e9szak-amerikai turn\u00e9n vett r\u00e9szt, ahol \u00f6n\u00e1ll\u00f3 koncerteket adott, valamint fesztiv\u00e1lokon j\u00e1tszott. Az el\u0151ad\u00e1sok k\u00f6z\u00fcl kiemelhetj\u00fck a Washington DC, Kennedy Center sz\u00ednh\u00e1zterm\u00e9ben adott telth\u00e1zas koncertet, a 8. alkalommal t\u00f6rt\u00e9n\u0151 visszat\u00e9r\u00e9st a vil\u00e1g 10 legnagyobb jazz fesztiv\u00e1lja k\u00f6z\u00f6tt sz\u00e1montartott Rochester International [&hellip;]<\/p>\n","protected":false},"author":2,"featured_media":5814,"comment_status":"closed","ping_status":"closed","sticky":false,"template":"","format":"standard","meta":{"_jetpack_memberships_contains_paid_content":false,"footnotes":""},"categories":[162],"tags":[157,276,277,275,166],"class_list":["post-5807","post","type-post","status-publish","format-standard","has-post-thumbnail","hentry","category-news","tag-djabe","tag-edmonton","tag-jazzfest","tag-live","tag-lp","entry","clearfix sub-post"],"yoast_head":"<!-- This site is optimized with the Yoast SEO plugin v27.4 - https:\/\/yoast.com\/product\/yoast-seo-wordpress\/ -->\n<title>A Djabe Kanad\u00e1ban r\u00f6gz\u00edtett fantasztikus koncertalbuma el\u00e9rhet\u0151 dupla vinyl lemezen is \u2013 Live in Edmonton &#8211; GR1993 Records<\/title>\n<meta name=\"robots\" content=\"index, follow, max-snippet:-1, max-image-preview:large, max-video-preview:-1\" \/>\n<link rel=\"canonical\" href=\"https:\/\/gr1993records.com\/2020\/07\/30\/a-djabe-kanadaban-rogzitett-koncertalbuma\/\" \/>\n<meta property=\"og:locale\" content=\"hu_HU\" \/>\n<meta property=\"og:type\" content=\"article\" \/>\n<meta property=\"og:title\" content=\"A Djabe Kanad\u00e1ban r\u00f6gz\u00edtett fantasztikus koncertalbuma el\u00e9rhet\u0151 dupla vinyl lemezen is \u2013 Live in Edmonton &#8211; GR1993 Records\" \/>\n<meta property=\"og:description\" content=\"[vc_row][vc_column][vc_column_text]Djabe &#8211; Live in Edmonton (2LP) GR-145-1, 2 x 140 gr. black vinyl[\/vc_column_text][vc_column_text]2019 nyar\u00e1n a zenekar \u00e9szak-amerikai turn\u00e9n vett r\u00e9szt, ahol \u00f6n\u00e1ll\u00f3 koncerteket adott, valamint fesztiv\u00e1lokon j\u00e1tszott. Az el\u0151ad\u00e1sok k\u00f6z\u00fcl kiemelhetj\u00fck a Washington DC, Kennedy Center sz\u00ednh\u00e1zterm\u00e9ben adott telth\u00e1zas koncertet, a 8. alkalommal t\u00f6rt\u00e9n\u0151 visszat\u00e9r\u00e9st a vil\u00e1g 10 legnagyobb jazz fesztiv\u00e1lja k\u00f6z\u00f6tt sz\u00e1montartott Rochester International [&hellip;]\" \/>\n<meta property=\"og:url\" content=\"https:\/\/gr1993records.com\/2020\/07\/30\/a-djabe-kanadaban-rogzitett-koncertalbuma\/\" \/>\n<meta property=\"og:site_name\" content=\"GR1993 Records\" \/>\n<meta property=\"article:publisher\" content=\"https:\/\/www.facebook.com\/GR1993Records-113564886691383\/\" \/>\n<meta property=\"article:published_time\" content=\"2020-07-30T13:40:34+00:00\" \/>\n<meta property=\"article:modified_time\" content=\"2020-07-30T14:19:29+00:00\" \/>\n<meta property=\"og:image\" content=\"https:\/\/gr1993records.com\/wp-content\/uploads\/2020\/07\/LP_Djabe_Live_In_Edmonton_mockupx1280.jpg\" \/>\n\t<meta property=\"og:image:width\" content=\"1280\" \/>\n\t<meta property=\"og:image:height\" content=\"740\" \/>\n\t<meta property=\"og:image:type\" content=\"image\/jpeg\" \/>\n<meta name=\"author\" content=\"Kov\u00e1cs Katalin\" \/>\n<meta name=\"twitter:card\" content=\"summary_large_image\" \/>\n<meta name=\"twitter:label1\" content=\"Szerz\u0151:\" \/>\n\t<meta name=\"twitter:data1\" content=\"Kov\u00e1cs Katalin\" \/>\n\t<meta name=\"twitter:label2\" content=\"Becs\u00fclt olvas\u00e1si id\u0151\" \/>\n\t<meta name=\"twitter:data2\" content=\"4 perc\" \/>\n<script type=\"application\/ld+json\" class=\"yoast-schema-graph\">{\"@context\":\"https:\\\/\\\/schema.org\",\"@graph\":[{\"@type\":\"Article\",\"@id\":\"https:\\\/\\\/gr1993records.com\\\/2020\\\/07\\\/30\\\/a-djabe-kanadaban-rogzitett-koncertalbuma\\\/#article\",\"isPartOf\":{\"@id\":\"https:\\\/\\\/gr1993records.com\\\/2020\\\/07\\\/30\\\/a-djabe-kanadaban-rogzitett-koncertalbuma\\\/\"},\"author\":{\"name\":\"Kov\u00e1cs Katalin\",\"@id\":\"https:\\\/\\\/gr1993records.com\\\/#\\\/schema\\\/person\\\/15d5836db94dcf05fce250d0eb04937f\"},\"headline\":\"A Djabe Kanad\u00e1ban r\u00f6gz\u00edtett fantasztikus koncertalbuma el\u00e9rhet\u0151 dupla vinyl lemezen is \u2013 Live in Edmonton\",\"datePublished\":\"2020-07-30T13:40:34+00:00\",\"dateModified\":\"2020-07-30T14:19:29+00:00\",\"mainEntityOfPage\":{\"@id\":\"https:\\\/\\\/gr1993records.com\\\/2020\\\/07\\\/30\\\/a-djabe-kanadaban-rogzitett-koncertalbuma\\\/\"},\"wordCount\":842,\"publisher\":{\"@id\":\"https:\\\/\\\/gr1993records.com\\\/#organization\"},\"image\":{\"@id\":\"https:\\\/\\\/gr1993records.com\\\/2020\\\/07\\\/30\\\/a-djabe-kanadaban-rogzitett-koncertalbuma\\\/#primaryimage\"},\"thumbnailUrl\":\"https:\\\/\\\/gr1993records.com\\\/wp-content\\\/uploads\\\/2020\\\/07\\\/LP_Djabe_Live_In_Edmonton_mockupx1280.jpg\",\"keywords\":[\"Djabe\",\"Edmonton\",\"JazzFest\",\"Live\",\"LP\"],\"articleSection\":[\"H\u00edrek\"],\"inLanguage\":\"hu\"},{\"@type\":\"WebPage\",\"@id\":\"https:\\\/\\\/gr1993records.com\\\/2020\\\/07\\\/30\\\/a-djabe-kanadaban-rogzitett-koncertalbuma\\\/\",\"url\":\"https:\\\/\\\/gr1993records.com\\\/2020\\\/07\\\/30\\\/a-djabe-kanadaban-rogzitett-koncertalbuma\\\/\",\"name\":\"A Djabe Kanad\u00e1ban r\u00f6gz\u00edtett fantasztikus koncertalbuma el\u00e9rhet\u0151 dupla vinyl lemezen is \u2013 Live in Edmonton &#8211; GR1993 Records\",\"isPartOf\":{\"@id\":\"https:\\\/\\\/gr1993records.com\\\/#website\"},\"primaryImageOfPage\":{\"@id\":\"https:\\\/\\\/gr1993records.com\\\/2020\\\/07\\\/30\\\/a-djabe-kanadaban-rogzitett-koncertalbuma\\\/#primaryimage\"},\"image\":{\"@id\":\"https:\\\/\\\/gr1993records.com\\\/2020\\\/07\\\/30\\\/a-djabe-kanadaban-rogzitett-koncertalbuma\\\/#primaryimage\"},\"thumbnailUrl\":\"https:\\\/\\\/gr1993records.com\\\/wp-content\\\/uploads\\\/2020\\\/07\\\/LP_Djabe_Live_In_Edmonton_mockupx1280.jpg\",\"datePublished\":\"2020-07-30T13:40:34+00:00\",\"dateModified\":\"2020-07-30T14:19:29+00:00\",\"breadcrumb\":{\"@id\":\"https:\\\/\\\/gr1993records.com\\\/2020\\\/07\\\/30\\\/a-djabe-kanadaban-rogzitett-koncertalbuma\\\/#breadcrumb\"},\"inLanguage\":\"hu\",\"potentialAction\":[{\"@type\":\"ReadAction\",\"target\":[\"https:\\\/\\\/gr1993records.com\\\/2020\\\/07\\\/30\\\/a-djabe-kanadaban-rogzitett-koncertalbuma\\\/\"]}]},{\"@type\":\"ImageObject\",\"inLanguage\":\"hu\",\"@id\":\"https:\\\/\\\/gr1993records.com\\\/2020\\\/07\\\/30\\\/a-djabe-kanadaban-rogzitett-koncertalbuma\\\/#primaryimage\",\"url\":\"https:\\\/\\\/gr1993records.com\\\/wp-content\\\/uploads\\\/2020\\\/07\\\/LP_Djabe_Live_In_Edmonton_mockupx1280.jpg\",\"contentUrl\":\"https:\\\/\\\/gr1993records.com\\\/wp-content\\\/uploads\\\/2020\\\/07\\\/LP_Djabe_Live_In_Edmonton_mockupx1280.jpg\",\"width\":1280,\"height\":740},{\"@type\":\"BreadcrumbList\",\"@id\":\"https:\\\/\\\/gr1993records.com\\\/2020\\\/07\\\/30\\\/a-djabe-kanadaban-rogzitett-koncertalbuma\\\/#breadcrumb\",\"itemListElement\":[{\"@type\":\"ListItem\",\"position\":1,\"name\":\"Home\",\"item\":\"https:\\\/\\\/gr1993records.com\\\/?lang=en\"},{\"@type\":\"ListItem\",\"position\":2,\"name\":\"A Djabe Kanad\u00e1ban r\u00f6gz\u00edtett fantasztikus koncertalbuma el\u00e9rhet\u0151 dupla vinyl lemezen is \u2013 Live in Edmonton\"}]},{\"@type\":\"WebSite\",\"@id\":\"https:\\\/\\\/gr1993records.com\\\/#website\",\"url\":\"https:\\\/\\\/gr1993records.com\\\/\",\"name\":\"GR1993 Records\",\"description\":\"\",\"publisher\":{\"@id\":\"https:\\\/\\\/gr1993records.com\\\/#organization\"},\"potentialAction\":[{\"@type\":\"SearchAction\",\"target\":{\"@type\":\"EntryPoint\",\"urlTemplate\":\"https:\\\/\\\/gr1993records.com\\\/?s={search_term_string}\"},\"query-input\":{\"@type\":\"PropertyValueSpecification\",\"valueRequired\":true,\"valueName\":\"search_term_string\"}}],\"inLanguage\":\"hu\"},{\"@type\":\"Organization\",\"@id\":\"https:\\\/\\\/gr1993records.com\\\/#organization\",\"name\":\"Gramy-H Ltd.\",\"url\":\"https:\\\/\\\/gr1993records.com\\\/\",\"logo\":{\"@type\":\"ImageObject\",\"inLanguage\":\"hu\",\"@id\":\"https:\\\/\\\/gr1993records.com\\\/#\\\/schema\\\/logo\\\/image\\\/\",\"url\":\"https:\\\/\\\/gr1993records.com\\\/wp-content\\\/uploads\\\/2019\\\/08\\\/GR1993_Records_logo_CC.png\",\"contentUrl\":\"https:\\\/\\\/gr1993records.com\\\/wp-content\\\/uploads\\\/2019\\\/08\\\/GR1993_Records_logo_CC.png\",\"width\":2900,\"height\":2001,\"caption\":\"Gramy-H Ltd.\"},\"image\":{\"@id\":\"https:\\\/\\\/gr1993records.com\\\/#\\\/schema\\\/logo\\\/image\\\/\"},\"sameAs\":[\"https:\\\/\\\/www.facebook.com\\\/GR1993Records-113564886691383\\\/\"]},{\"@type\":\"Person\",\"@id\":\"https:\\\/\\\/gr1993records.com\\\/#\\\/schema\\\/person\\\/15d5836db94dcf05fce250d0eb04937f\",\"name\":\"Kov\u00e1cs Katalin\",\"image\":{\"@type\":\"ImageObject\",\"inLanguage\":\"hu\",\"@id\":\"https:\\\/\\\/secure.gravatar.com\\\/avatar\\\/f2e8132ddd0ef0e82dccdfe7e959671299abb86bcedd5036ce46261385b40605?s=96&d=mm&r=g\",\"url\":\"https:\\\/\\\/secure.gravatar.com\\\/avatar\\\/f2e8132ddd0ef0e82dccdfe7e959671299abb86bcedd5036ce46261385b40605?s=96&d=mm&r=g\",\"contentUrl\":\"https:\\\/\\\/secure.gravatar.com\\\/avatar\\\/f2e8132ddd0ef0e82dccdfe7e959671299abb86bcedd5036ce46261385b40605?s=96&d=mm&r=g\",\"caption\":\"Kov\u00e1cs Katalin\"},\"url\":\"https:\\\/\\\/gr1993records.com\\\/author\\\/grkata\\\/\"}]}<\/script>\n<!-- \/ Yoast SEO plugin. -->","yoast_head_json":{"title":"A Djabe Kanad\u00e1ban r\u00f6gz\u00edtett fantasztikus koncertalbuma el\u00e9rhet\u0151 dupla vinyl lemezen is \u2013 Live in Edmonton &#8211; GR1993 Records","robots":{"index":"index","follow":"follow","max-snippet":"max-snippet:-1","max-image-preview":"max-image-preview:large","max-video-preview":"max-video-preview:-1"},"canonical":"https:\/\/gr1993records.com\/2020\/07\/30\/a-djabe-kanadaban-rogzitett-koncertalbuma\/","og_locale":"hu_HU","og_type":"article","og_title":"A Djabe Kanad\u00e1ban r\u00f6gz\u00edtett fantasztikus koncertalbuma el\u00e9rhet\u0151 dupla vinyl lemezen is \u2013 Live in Edmonton &#8211; GR1993 Records","og_description":"[vc_row][vc_column][vc_column_text]Djabe &#8211; Live in Edmonton (2LP) GR-145-1, 2 x 140 gr. black vinyl[\/vc_column_text][vc_column_text]2019 nyar\u00e1n a zenekar \u00e9szak-amerikai turn\u00e9n vett r\u00e9szt, ahol \u00f6n\u00e1ll\u00f3 koncerteket adott, valamint fesztiv\u00e1lokon j\u00e1tszott. Az el\u0151ad\u00e1sok k\u00f6z\u00fcl kiemelhetj\u00fck a Washington DC, Kennedy Center sz\u00ednh\u00e1zterm\u00e9ben adott telth\u00e1zas koncertet, a 8. alkalommal t\u00f6rt\u00e9n\u0151 visszat\u00e9r\u00e9st a vil\u00e1g 10 legnagyobb jazz fesztiv\u00e1lja k\u00f6z\u00f6tt sz\u00e1montartott Rochester International [&hellip;]","og_url":"https:\/\/gr1993records.com\/2020\/07\/30\/a-djabe-kanadaban-rogzitett-koncertalbuma\/","og_site_name":"GR1993 Records","article_publisher":"https:\/\/www.facebook.com\/GR1993Records-113564886691383\/","article_published_time":"2020-07-30T13:40:34+00:00","article_modified_time":"2020-07-30T14:19:29+00:00","og_image":[{"width":1280,"height":740,"url":"https:\/\/gr1993records.com\/wp-content\/uploads\/2020\/07\/LP_Djabe_Live_In_Edmonton_mockupx1280.jpg","type":"image\/jpeg"}],"author":"Kov\u00e1cs Katalin","twitter_card":"summary_large_image","twitter_misc":{"Szerz\u0151:":"Kov\u00e1cs Katalin","Becs\u00fclt olvas\u00e1si id\u0151":"4 perc"},"schema":{"@context":"https:\/\/schema.org","@graph":[{"@type":"Article","@id":"https:\/\/gr1993records.com\/2020\/07\/30\/a-djabe-kanadaban-rogzitett-koncertalbuma\/#article","isPartOf":{"@id":"https:\/\/gr1993records.com\/2020\/07\/30\/a-djabe-kanadaban-rogzitett-koncertalbuma\/"},"author":{"name":"Kov\u00e1cs Katalin","@id":"https:\/\/gr1993records.com\/#\/schema\/person\/15d5836db94dcf05fce250d0eb04937f"},"headline":"A Djabe Kanad\u00e1ban r\u00f6gz\u00edtett fantasztikus koncertalbuma el\u00e9rhet\u0151 dupla vinyl lemezen is \u2013 Live in Edmonton","datePublished":"2020-07-30T13:40:34+00:00","dateModified":"2020-07-30T14:19:29+00:00","mainEntityOfPage":{"@id":"https:\/\/gr1993records.com\/2020\/07\/30\/a-djabe-kanadaban-rogzitett-koncertalbuma\/"},"wordCount":842,"publisher":{"@id":"https:\/\/gr1993records.com\/#organization"},"image":{"@id":"https:\/\/gr1993records.com\/2020\/07\/30\/a-djabe-kanadaban-rogzitett-koncertalbuma\/#primaryimage"},"thumbnailUrl":"https:\/\/gr1993records.com\/wp-content\/uploads\/2020\/07\/LP_Djabe_Live_In_Edmonton_mockupx1280.jpg","keywords":["Djabe","Edmonton","JazzFest","Live","LP"],"articleSection":["H\u00edrek"],"inLanguage":"hu"},{"@type":"WebPage","@id":"https:\/\/gr1993records.com\/2020\/07\/30\/a-djabe-kanadaban-rogzitett-koncertalbuma\/","url":"https:\/\/gr1993records.com\/2020\/07\/30\/a-djabe-kanadaban-rogzitett-koncertalbuma\/","name":"A Djabe Kanad\u00e1ban r\u00f6gz\u00edtett fantasztikus koncertalbuma el\u00e9rhet\u0151 dupla vinyl lemezen is \u2013 Live in Edmonton &#8211; GR1993 Records","isPartOf":{"@id":"https:\/\/gr1993records.com\/#website"},"primaryImageOfPage":{"@id":"https:\/\/gr1993records.com\/2020\/07\/30\/a-djabe-kanadaban-rogzitett-koncertalbuma\/#primaryimage"},"image":{"@id":"https:\/\/gr1993records.com\/2020\/07\/30\/a-djabe-kanadaban-rogzitett-koncertalbuma\/#primaryimage"},"thumbnailUrl":"https:\/\/gr1993records.com\/wp-content\/uploads\/2020\/07\/LP_Djabe_Live_In_Edmonton_mockupx1280.jpg","datePublished":"2020-07-30T13:40:34+00:00","dateModified":"2020-07-30T14:19:29+00:00","breadcrumb":{"@id":"https:\/\/gr1993records.com\/2020\/07\/30\/a-djabe-kanadaban-rogzitett-koncertalbuma\/#breadcrumb"},"inLanguage":"hu","potentialAction":[{"@type":"ReadAction","target":["https:\/\/gr1993records.com\/2020\/07\/30\/a-djabe-kanadaban-rogzitett-koncertalbuma\/"]}]},{"@type":"ImageObject","inLanguage":"hu","@id":"https:\/\/gr1993records.com\/2020\/07\/30\/a-djabe-kanadaban-rogzitett-koncertalbuma\/#primaryimage","url":"https:\/\/gr1993records.com\/wp-content\/uploads\/2020\/07\/LP_Djabe_Live_In_Edmonton_mockupx1280.jpg","contentUrl":"https:\/\/gr1993records.com\/wp-content\/uploads\/2020\/07\/LP_Djabe_Live_In_Edmonton_mockupx1280.jpg","width":1280,"height":740},{"@type":"BreadcrumbList","@id":"https:\/\/gr1993records.com\/2020\/07\/30\/a-djabe-kanadaban-rogzitett-koncertalbuma\/#breadcrumb","itemListElement":[{"@type":"ListItem","position":1,"name":"Home","item":"https:\/\/gr1993records.com\/?lang=en"},{"@type":"ListItem","position":2,"name":"A Djabe Kanad\u00e1ban r\u00f6gz\u00edtett fantasztikus koncertalbuma el\u00e9rhet\u0151 dupla vinyl lemezen is \u2013 Live in Edmonton"}]},{"@type":"WebSite","@id":"https:\/\/gr1993records.com\/#website","url":"https:\/\/gr1993records.com\/","name":"GR1993 Records","description":"","publisher":{"@id":"https:\/\/gr1993records.com\/#organization"},"potentialAction":[{"@type":"SearchAction","target":{"@type":"EntryPoint","urlTemplate":"https:\/\/gr1993records.com\/?s={search_term_string}"},"query-input":{"@type":"PropertyValueSpecification","valueRequired":true,"valueName":"search_term_string"}}],"inLanguage":"hu"},{"@type":"Organization","@id":"https:\/\/gr1993records.com\/#organization","name":"Gramy-H Ltd.","url":"https:\/\/gr1993records.com\/","logo":{"@type":"ImageObject","inLanguage":"hu","@id":"https:\/\/gr1993records.com\/#\/schema\/logo\/image\/","url":"https:\/\/gr1993records.com\/wp-content\/uploads\/2019\/08\/GR1993_Records_logo_CC.png","contentUrl":"https:\/\/gr1993records.com\/wp-content\/uploads\/2019\/08\/GR1993_Records_logo_CC.png","width":2900,"height":2001,"caption":"Gramy-H Ltd."},"image":{"@id":"https:\/\/gr1993records.com\/#\/schema\/logo\/image\/"},"sameAs":["https:\/\/www.facebook.com\/GR1993Records-113564886691383\/"]},{"@type":"Person","@id":"https:\/\/gr1993records.com\/#\/schema\/person\/15d5836db94dcf05fce250d0eb04937f","name":"Kov\u00e1cs Katalin","image":{"@type":"ImageObject","inLanguage":"hu","@id":"https:\/\/secure.gravatar.com\/avatar\/f2e8132ddd0ef0e82dccdfe7e959671299abb86bcedd5036ce46261385b40605?s=96&d=mm&r=g","url":"https:\/\/secure.gravatar.com\/avatar\/f2e8132ddd0ef0e82dccdfe7e959671299abb86bcedd5036ce46261385b40605?s=96&d=mm&r=g","contentUrl":"https:\/\/secure.gravatar.com\/avatar\/f2e8132ddd0ef0e82dccdfe7e959671299abb86bcedd5036ce46261385b40605?s=96&d=mm&r=g","caption":"Kov\u00e1cs Katalin"},"url":"https:\/\/gr1993records.com\/author\/grkata\/"}]}},"jetpack_featured_media_url":"https:\/\/gr1993records.com\/wp-content\/uploads\/2020\/07\/LP_Djabe_Live_In_Edmonton_mockupx1280.jpg","jetpack_sharing_enabled":true,"_links":{"self":[{"href":"https:\/\/gr1993records.com\/wp-json\/wp\/v2\/posts\/5807","targetHints":{"allow":["GET"]}}],"collection":[{"href":"https:\/\/gr1993records.com\/wp-json\/wp\/v2\/posts"}],"about":[{"href":"https:\/\/gr1993records.com\/wp-json\/wp\/v2\/types\/post"}],"author":[{"embeddable":true,"href":"https:\/\/gr1993records.com\/wp-json\/wp\/v2\/users\/2"}],"replies":[{"embeddable":true,"href":"https:\/\/gr1993records.com\/wp-json\/wp\/v2\/comments?post=5807"}],"version-history":[{"count":6,"href":"https:\/\/gr1993records.com\/wp-json\/wp\/v2\/posts\/5807\/revisions"}],"predecessor-version":[{"id":5816,"href":"https:\/\/gr1993records.com\/wp-json\/wp\/v2\/posts\/5807\/revisions\/5816"}],"wp:featuredmedia":[{"embeddable":true,"href":"https:\/\/gr1993records.com\/wp-json\/wp\/v2\/media\/5814"}],"wp:attachment":[{"href":"https:\/\/gr1993records.com\/wp-json\/wp\/v2\/media?parent=5807"}],"wp:term":[{"taxonomy":"category","embeddable":true,"href":"https:\/\/gr1993records.com\/wp-json\/wp\/v2\/categories?post=5807"},{"taxonomy":"post_tag","embeddable":true,"href":"https:\/\/gr1993records.com\/wp-json\/wp\/v2\/tags?post=5807"}],"curies":[{"name":"wp","href":"https:\/\/api.w.org\/{rel}","templated":true}]}}